{"id":198,"date":"2023-06-18T12:40:30","date_gmt":"2023-06-18T12:40:30","guid":{"rendered":"http:\/\/zielonatoga.online\/?p=198"},"modified":"2023-06-18T12:43:51","modified_gmt":"2023-06-18T12:43:51","slug":"zaangazowanie-spoleczne","status":"publish","type":"post","link":"http:\/\/zielonatoga.online\/?p=198","title":{"rendered":"Zaanga\u017cowanie spo\u0142eczne"},"content":{"rendered":"\n<p>Ciesz\u0119 si\u0119, \u017ce mog\u0105 podzieli\u0107 si\u0119 z Wami informacj\u0105 o wydarzeniu, w kt\u00f3rym wzi\u0119\u0142am, udzia\u0142 w zesz\u0142ym tygodniu &#8211; chodzi o Tydzie\u0144 Konstytucyjny. Wydarzenie by\u0142o skierowane do uczni\u00f3w szk\u00f3\u0142 podstawowych i po\u015bwi\u0119cone zosta\u0142o tym razem prawom cz\u0142owieka w ramach systemu stworzonego przez Rad\u0119 Europy. Przygotowuj\u0105c si\u0119 do tego spotkania zastanawia\u0142am si\u0119 jak &#8221; ugry\u017a\u0107&#8221; ten temat, by nie wypad\u0142 zbyt sztywno i by nie by\u0142 to tylko m\u00f3j monolog.I musz\u0119 Wam powiedzie\u0107, \u017ce wypad\u0142o \u015bwietnie &#8211; na wielu przyk\u0142adach z orzecznictwa Europejskiego Trybuna\u0142u Praw Cz\u0142owieka wraz z uczniami Szko\u0142y Podstawowej nr 1 oraz Szko\u0142y Podstawowej nr 2, obie szko\u0142y mieszcz\u0105 si\u0119 w Czarnej Bia\u0142ostockiej, zidentyfikowali\u015bmy prawa cz\u0142owieka spisane w Europejskiej Konwencji Praw Cz\u0142owieka. Uczniowie byli aktywni i odwa\u017cni- temat przecie\u017c nie musia\u0142 im by\u0107 znany. Tak jak w s\u0105dzie, w klasie zderzy\u0142y si\u0119 r\u00f3\u017cne spojrzenia na dany temat.Na bazie orzecze\u0144 rozmawiali\u015bmy o wolno\u015bciach i zderzeniu si\u0119 warto\u015bci &#8211; np. rozwa\u017cali\u015bmy czy w celu ratowania \u017cycia mo\u017cna odwo\u0142a\u0107 si\u0119 do tortur, czy budowa drogi publicznej narusza prawo do ochrony \u017cycia prywatnego, jak rozumie\u0107 wolno\u015b\u0107 my\u015bli i s\u0142owa w przekazie artystycznym. <br>Uwa\u017cam, \u017ce warto w\u0142\u0105czy\u0107 si\u0119 w takie inicjatywy, by budowa\u0107 \u015bwiadomo\u015b\u0107 prawn\u0105, by pokaza\u0107, \u017ce prawo nas otacza, by zainteresowa\u0107, by rozmawia\u0107, by pozna\u0107 m\u0142odzie\u017c( by\u0142am ciekawa tego jak i co my\u015bl\u0105), nie\u015bmia\u0142o napisz\u0119\u2026.. by zainspirowa\u0107.<br>My\u015bl\u0119, \u017ce mi si\u0119 to uda\u0142o.<br><\/p>\n\n\n\n<p><\/p>\n\n\n\n<p><\/p>\n\n\n\n<p><\/p>\n\n\n\n<blockquote class=\"wp-block-quote is-layout-flow wp-block-quote-is-layout-flow\">\n<p>Potwierdzaj\u0105c swoj\u0105 g\u0142\u0119bok\u0105 wiar\u0119 w te podstawowe wolno\u015bci,<br>kt\u00f3re s\u0105 fundamentem sprawiedliwo\u015bci i pokoju na \u015bwiecie i kt\u00f3rych<br>zachowanie opiera si\u0119 g\u0142\u00f3wnie z jednej strony na rzeczywi\u015bcie<br>demokratycznym ustroju politycznym, z drugiej na jednolitym<br>pojmowaniu i wsp\u00f3lnym poszanowaniu praw cz\u0142owieka, do kt\u00f3rych<br>si\u0119 one odwo\u0142uj\u0105;<\/p>\n<\/blockquote>\n\n\n\n<p>fragment Preambu\u0142y Europejskiej Konwencji Praw Cz\u0142owieka <\/p>\n","protected":false},"excerpt":{"rendered":"<p>Ciesz\u0119 si\u0119, \u017ce mog\u0105 podzieli\u0107 si\u0119 z Wami informacj\u0105 o wydarzeniu, w kt\u00f3rym wzi\u0119\u0142am, udzia\u0142 w zesz\u0142ym tygodniu &#8211; chodzi o Tydzie\u0144 Konstytucyjny. Wydarzenie by\u0142o skierowane do uczni\u00f3w szk\u00f3\u0142 podstawowych i po\u015bwi\u0119cone zosta\u0142o tym razem prawom cz\u0142owieka w ramach systemu stworzonego przez Rad\u0119 Europy. Przygotowuj\u0105c si\u0119 do tego spotkania zastanawia\u0142am si\u0119 jak &#8221; ugry\u017a\u0107&#8221; ten [&hellip;]<\/p>\n","protected":false},"author":1,"featured_media":0,"comment_status":"open","ping_status":"open","sticky":false,"template":"","format":"standard","meta":{"hide_page_title":"","footnotes":""},"categories":[24,23],"tags":[37,36,38,11,35],"class_list":["post-198","post","type-post","status-publish","format-standard","hentry","category-adwokat","category-prawo","tag-adowokat","tag-adwokat-w-szkole","tag-angazujsie-spolecznie","tag-bialystok","tag-mojakonstytucja"],"_links":{"self":[{"href":"http:\/\/zielonatoga.online\/index.php?rest_route=\/wp\/v2\/posts\/198","targetHints":{"allow":["GET"]}}],"collection":[{"href":"http:\/\/zielonatoga.online\/index.php?rest_route=\/wp\/v2\/posts"}],"about":[{"href":"http:\/\/zielonatoga.online\/index.php?rest_route=\/wp\/v2\/types\/post"}],"author":[{"embeddable":true,"href":"http:\/\/zielonatoga.online\/index.php?rest_route=\/wp\/v2\/users\/1"}],"replies":[{"embeddable":true,"href":"http:\/\/zielonatoga.online\/index.php?rest_route=%2Fwp%2Fv2%2Fcomments&post=198"}],"version-history":[{"count":1,"href":"http:\/\/zielonatoga.online\/index.php?rest_route=\/wp\/v2\/posts\/198\/revisions"}],"predecessor-version":[{"id":199,"href":"http:\/\/zielonatoga.online\/index.php?rest_route=\/wp\/v2\/posts\/198\/revisions\/199"}],"wp:attachment":[{"href":"http:\/\/zielonatoga.online\/index.php?rest_route=%2Fwp%2Fv2%2Fmedia&parent=198"}],"wp:term":[{"taxonomy":"category","embeddable":true,"href":"http:\/\/zielonatoga.online\/index.php?rest_route=%2Fwp%2Fv2%2Fcategories&post=198"},{"taxonomy":"post_tag","embeddable":true,"href":"http:\/\/zielonatoga.online\/index.php?rest_route=%2Fwp%2Fv2%2Ftags&post=198"}],"curies":[{"name":"wp","href":"https:\/\/api.w.org\/{rel}","templated":true}]}}